{"id":14211,"date":"2026-09-01T00:27:10","date_gmt":"2026-09-01T00:27:10","guid":{"rendered":"https:\/\/danielolmedophotographer.com\/?p=14211"},"modified":"2026-09-01T00:27:10","modified_gmt":"2026-09-01T00:27:10","slug":"recreating-magic-a-romantic-sunrise-engagement-session-at-playa-delfines","status":"publish","type":"post","link":"https:\/\/danielolmedophotographer.com\/es\/recreating-magic-a-romantic-sunrise-engagement-session-at-playa-delfines\/","title":{"rendered":"Recreando la Magia: Una Rom\u00e1ntica Sesi\u00f3n de Compromiso al Amanecer en Playa Delfines"},"content":{"rendered":"<p>Cuando Steven y Ashley viajaron a M\u00e9xico desde Estados Unidos para unas vacaciones tropicales, ten\u00edan un objetivo muy especial. Aunque Steven ya le hab\u00eda propuesto matrimonio en su pa\u00eds, la pareja no hab\u00eda contratado a un fot\u00f3grafo para capturar el momento exacto en que ella dijo \"S\u00ed\". Deseando inmortalizar este hito con un escenario de ensue\u00f1o, decidieron recrear su propuesta en la costa turquesa del Caribe.<\/p>\n\n\n\n<p>Para convertir esta visi\u00f3n en realidad, buscaron en l\u00ednea un experimentado <strong>Fot\u00f3grafo de compromiso en Canc\u00fan<\/strong>. Despu\u00e9s de ver mi portafolio de historias de amor naturales y llenas de luz, consultaron mis rese\u00f1as en Google para leer las experiencias de otras parejas. Impresionados por los comentarios positivos, se pusieron en contacto conmigo para programar su <strong>Sesi\u00f3n de compromiso<\/strong>.<\/p>\n\n\n\n<p>Escogimos <strong>Playa Delfines<\/strong> Elegimos Playa Delfines como escenario: una famosa extensi\u00f3n de arena blanca y suave en la Zona Hotelera de Canc\u00fan. Para capturar la atm\u00f3sfera m\u00e1s m\u00e1gica, planeamos una sesi\u00f3n al amanecer. Cuando el sol comenz\u00f3 a asomarse por el horizonte, pintando el cielo con brillantes tonos dorados, rosados \u200b\u200by azul pastel, Steven se arrodill\u00f3 en la tranquila orilla.<\/p>\n\n\n\n<p>Recrear la pedida de mano bajo el suave sol de la ma\u00f1ana permiti\u00f3 a la pareja revivir ese momento emotivo sin distracciones. El entorno sereno, junto con el r\u00edtmico sonido de las olas rompiendo en la orilla, propici\u00f3 sonrisas genuinas y una ternura natural. Pasamos de fotos espont\u00e1neas de la pedida de mano a retratos relajados paseando junto a la orilla, aprovechando al m\u00e1ximo la luz dorada del amanecer.<\/p>\n\n\n\n<p>como un <strong>Fot\u00f3grafo de compromiso en Canc\u00fan<\/strong>, no hay nada m\u00e1s gratificante que documentar una conexi\u00f3n aut\u00e9ntica. Steven y Ashley ahora cuentan con una hermosa galer\u00eda de im\u00e1genes de alta resoluci\u00f3n que reflejan tanto la historia de su compromiso como su escapada rom\u00e1ntica en el para\u00edso.<\/p>\n\n\n\n<p>Agenda ahora <a href=\"https:\/\/danielolmedophotographer.com\/es\/contact\/\">https:\/\/danielolmedophotographer.com\/contact\/<\/a><\/p>\n\n\n\n<p><a href=\"https:\/\/www.instagram.com\/daniel.olmedo.photography\">https:\/\/www.instagram.com\/daniel.olmedo.photography<\/a><\/p>\n\n\n\n<p><\/p>\n\n\n\t\t\t\t\t<div\n\t\t\t\t\t\tclass=\"wp-block-uagb-image-gallery uagb-block-687b676b\"\n\t\t\t\t\t\tstyle=\"\"\n\t\t\t\t\t>\n\t\t\t\t\t\t\t\t\t\t\t<div class=\"spectra-image-gallery spectra-image-gallery__layout--masonry spectra-image-gallery__layout--masonry-col-1 spectra-image-gallery__layout--masonry-col-tab-1 spectra-image-gallery__layout--masonry-col-mob-1\">\n\t\t\t\t\t\t\t\t\t\t\t<div class='spectra-image-gallery__media-wrapper--isotope'>\n\t\t\t\t\t\t\t<div class='spectra-image-gallery__media-wrapper' data-spectra-gallery-image-id='14212' tabindex=\"0\">\n\t\t\t\t\t\t\t<div class=\"spectra-image-gallery__media spectra-image-gallery__media--masonry\">\n\t\t\t\t<picture>\n\t\t\t\t\t<source media=\"(min-width: 1024px)\" srcset=\"https:\/\/danielolmedophotographer.com\/wp-content\/uploads\/2026\/09\/Cancun-Engagement-Photographer-9165.webp\">\n\t\t\t\t\t<source media=\"(min-width: 768px)\" srcset=\"https:\/\/danielolmedophotographer.com\/wp-content\/uploads\/2026\/09\/Cancun-Engagement-Photographer-9165.webp\">\n\t\t\t\t\t<img decoding=\"async\" class=\"spectra-image-gallery__media-thumbnail spectra-image-gallery__media-thumbnail--masonry\" src=\"https:\/\/danielolmedophotographer.com\/wp-content\/uploads\/2026\/09\/Cancun-Engagement-Photographer-9165-1024x683.webp\" alt=\"Cancun engagement photographer capturing a romantic sunrise proposal recreation at Playa Delfines.\" loading=\"lazy\" \/>\n\t\t\t\t<\/picture>\n\t\t\t\t<div class=\"spectra-image-gallery__media-thumbnail-blurrer\"><\/div>\n\t\t\t\t\t\t\t\t\t\t\t<div class=\"spectra-image-gallery__media-thumbnail-caption-wrapper spectra-image-gallery__media-thumbnail-caption-wrapper--overlay\">\n\t\t\t\t\t\t\t\t\t\t\t<div class=\"spectra-image-gallery__media-thumbnail-caption spectra-image-gallery__media-thumbnail-caption--overlay\">\n\t\t\t\t\t\t\t\t\t<\/div>\n\t\t\t\t\t\t\t\t\t\t<\/div>\n\t\t\t\t\t\t\t\t\t<\/div>\n\t\t\t\t\t\t<\/div>\n\t\t\t\t\t\t<\/div>\n\t\t\t\t\t\t<div class='spectra-image-gallery__media-wrapper--isotope'>\n\t\t\t\t\t\t\t<div class='spectra-image-gallery__media-wrapper' data-spectra-gallery-image-id='14213' tabindex=\"0\">\n\t\t\t\t\t\t\t<div class=\"spectra-image-gallery__media spectra-image-gallery__media--masonry\">\n\t\t\t\t<picture>\n\t\t\t\t\t<source media=\"(min-width: 1024px)\" srcset=\"https:\/\/danielolmedophotographer.com\/wp-content\/uploads\/2026\/09\/Cancun-Engagement-Photographer-9168.webp\">\n\t\t\t\t\t<source media=\"(min-width: 768px)\" srcset=\"https:\/\/danielolmedophotographer.com\/wp-content\/uploads\/2026\/09\/Cancun-Engagement-Photographer-9168.webp\">\n\t\t\t\t\t<img decoding=\"async\" class=\"spectra-image-gallery__media-thumbnail spectra-image-gallery__media-thumbnail--masonry\" src=\"https:\/\/danielolmedophotographer.com\/wp-content\/uploads\/2026\/09\/Cancun-Engagement-Photographer-9168-683x1024.webp\" alt=\"\" loading=\"lazy\" \/>\n\t\t\t\t<\/picture>\n\t\t\t\t<div class=\"spectra-image-gallery__media-thumbnail-blurrer\"><\/div>\n\t\t\t\t\t\t\t\t\t\t\t<div class=\"spectra-image-gallery__media-thumbnail-caption-wrapper spectra-image-gallery__media-thumbnail-caption-wrapper--overlay\">\n\t\t\t\t\t\t\t\t\t\t\t<div class=\"spectra-image-gallery__media-thumbnail-caption spectra-image-gallery__media-thumbnail-caption--overlay\">\n\t\t\t\t\t\t\t\t\t<\/div>\n\t\t\t\t\t\t\t\t\t\t<\/div>\n\t\t\t\t\t\t\t\t\t<\/div>\n\t\t\t\t\t\t<\/div>\n\t\t\t\t\t\t<\/div>\n\t\t\t\t\t\t<div class='spectra-image-gallery__media-wrapper--isotope'>\n\t\t\t\t\t\t\t<div class='spectra-image-gallery__media-wrapper' data-spectra-gallery-image-id='14214' tabindex=\"0\">\n\t\t\t\t\t\t\t<div class=\"spectra-image-gallery__media spectra-image-gallery__media--masonry\">\n\t\t\t\t<picture>\n\t\t\t\t\t<source media=\"(min-width: 1024px)\" srcset=\"https:\/\/danielolmedophotographer.com\/wp-content\/uploads\/2026\/09\/Cancun-Engagement-Photographer-9175.webp\">\n\t\t\t\t\t<source media=\"(min-width: 768px)\" srcset=\"https:\/\/danielolmedophotographer.com\/wp-content\/uploads\/2026\/09\/Cancun-Engagement-Photographer-9175.webp\">\n\t\t\t\t\t<img decoding=\"async\" class=\"spectra-image-gallery__media-thumbnail spectra-image-gallery__media-thumbnail--masonry\" src=\"https:\/\/danielolmedophotographer.com\/wp-content\/uploads\/2026\/09\/Cancun-Engagement-Photographer-9175-1024x683.webp\" alt=\"\" loading=\"lazy\" \/>\n\t\t\t\t<\/picture>\n\t\t\t\t<div class=\"spectra-image-gallery__media-thumbnail-blurrer\"><\/div>\n\t\t\t\t\t\t\t\t\t\t\t<div class=\"spectra-image-gallery__media-thumbnail-caption-wrapper spectra-image-gallery__media-thumbnail-caption-wrapper--overlay\">\n\t\t\t\t\t\t\t\t\t\t\t<div class=\"spectra-image-gallery__media-thumbnail-caption spectra-image-gallery__media-thumbnail-caption--overlay\">\n\t\t\t\t\t\t\t\t\t<\/div>\n\t\t\t\t\t\t\t\t\t\t<\/div>\n\t\t\t\t\t\t\t\t\t<\/div>\n\t\t\t\t\t\t<\/div>\n\t\t\t\t\t\t<\/div>\n\t\t\t\t\t\t<div class='spectra-image-gallery__media-wrapper--isotope'>\n\t\t\t\t\t\t\t<div class='spectra-image-gallery__media-wrapper' data-spectra-gallery-image-id='14215' tabindex=\"0\">\n\t\t\t\t\t\t\t<div class=\"spectra-image-gallery__media spectra-image-gallery__media--masonry\">\n\t\t\t\t<picture>\n\t\t\t\t\t<source media=\"(min-width: 1024px)\" srcset=\"https:\/\/danielolmedophotographer.com\/wp-content\/uploads\/2026\/09\/Cancun-Engagement-Photographer-9184.webp\">\n\t\t\t\t\t<source media=\"(min-width: 768px)\" srcset=\"https:\/\/danielolmedophotographer.com\/wp-content\/uploads\/2026\/09\/Cancun-Engagement-Photographer-9184.webp\">\n\t\t\t\t\t<img decoding=\"async\" class=\"spectra-image-gallery__media-thumbnail spectra-image-gallery__media-thumbnail--masonry\" src=\"https:\/\/danielolmedophotographer.com\/wp-content\/uploads\/2026\/09\/Cancun-Engagement-Photographer-9184-1024x683.webp\" alt=\"\" loading=\"lazy\" \/>\n\t\t\t\t<\/picture>\n\t\t\t\t<div class=\"spectra-image-gallery__media-thumbnail-blurrer\"><\/div>\n\t\t\t\t\t\t\t\t\t\t\t<div class=\"spectra-image-gallery__media-thumbnail-caption-wrapper spectra-image-gallery__media-thumbnail-caption-wrapper--overlay\">\n\t\t\t\t\t\t\t\t\t\t\t<div class=\"spectra-image-gallery__media-thumbnail-caption spectra-image-gallery__media-thumbnail-caption--overlay\">\n\t\t\t\t\t\t\t\t\t<\/div>\n\t\t\t\t\t\t\t\t\t\t<\/div>\n\t\t\t\t\t\t\t\t\t<\/div>\n\t\t\t\t\t\t<\/div>\n\t\t\t\t\t\t<\/div>\n\t\t\t\t\t\t<div class='spectra-image-gallery__media-wrapper--isotope'>\n\t\t\t\t\t\t\t<div class='spectra-image-gallery__media-wrapper' data-spectra-gallery-image-id='14216' tabindex=\"0\">\n\t\t\t\t\t\t\t<div class=\"spectra-image-gallery__media spectra-image-gallery__media--masonry\">\n\t\t\t\t<picture>\n\t\t\t\t\t<source media=\"(min-width: 1024px)\" srcset=\"https:\/\/danielolmedophotographer.com\/wp-content\/uploads\/2026\/09\/Cancun-Engagement-Photographer-9186.webp\">\n\t\t\t\t\t<source media=\"(min-width: 768px)\" srcset=\"https:\/\/danielolmedophotographer.com\/wp-content\/uploads\/2026\/09\/Cancun-Engagement-Photographer-9186.webp\">\n\t\t\t\t\t<img decoding=\"async\" class=\"spectra-image-gallery__media-thumbnail spectra-image-gallery__media-thumbnail--masonry\" src=\"https:\/\/danielolmedophotographer.com\/wp-content\/uploads\/2026\/09\/Cancun-Engagement-Photographer-9186-1024x683.webp\" alt=\"\" loading=\"lazy\" \/>\n\t\t\t\t<\/picture>\n\t\t\t\t<div class=\"spectra-image-gallery__media-thumbnail-blurrer\"><\/div>\n\t\t\t\t\t\t\t\t\t\t\t<div class=\"spectra-image-gallery__media-thumbnail-caption-wrapper spectra-image-gallery__media-thumbnail-caption-wrapper--overlay\">\n\t\t\t\t\t\t\t\t\t\t\t<div class=\"spectra-image-gallery__media-thumbnail-caption spectra-image-gallery__media-thumbnail-caption--overlay\">\n\t\t\t\t\t\t\t\t\t<\/div>\n\t\t\t\t\t\t\t\t\t\t<\/div>\n\t\t\t\t\t\t\t\t\t<\/div>\n\t\t\t\t\t\t<\/div>\n\t\t\t\t\t\t<\/div>\n\t\t\t\t\t\t<div class='spectra-image-gallery__media-wrapper--isotope'>\n\t\t\t\t\t\t\t<div class='spectra-image-gallery__media-wrapper' data-spectra-gallery-image-id='14217' tabindex=\"0\">\n\t\t\t\t\t\t\t<div class=\"spectra-image-gallery__media spectra-image-gallery__media--masonry\">\n\t\t\t\t<picture>\n\t\t\t\t\t<source media=\"(min-width: 1024px)\" srcset=\"https:\/\/danielolmedophotographer.com\/wp-content\/uploads\/2026\/09\/Cancun-Engagement-Photographer-9189.webp\">\n\t\t\t\t\t<source media=\"(min-width: 768px)\" srcset=\"https:\/\/danielolmedophotographer.com\/wp-content\/uploads\/2026\/09\/Cancun-Engagement-Photographer-9189.webp\">\n\t\t\t\t\t<img decoding=\"async\" class=\"spectra-image-gallery__media-thumbnail spectra-image-gallery__media-thumbnail--masonry\" src=\"https:\/\/danielolmedophotographer.com\/wp-content\/uploads\/2026\/09\/Cancun-Engagement-Photographer-9189-1024x683.webp\" alt=\"\" loading=\"lazy\" \/>\n\t\t\t\t<\/picture>\n\t\t\t\t<div class=\"spectra-image-gallery__media-thumbnail-blurrer\"><\/div>\n\t\t\t\t\t\t\t\t\t\t\t<div class=\"spectra-image-gallery__media-thumbnail-caption-wrapper spectra-image-gallery__media-thumbnail-caption-wrapper--overlay\">\n\t\t\t\t\t\t\t\t\t\t\t<div class=\"spectra-image-gallery__media-thumbnail-caption spectra-image-gallery__media-thumbnail-caption--overlay\">\n\t\t\t\t\t\t\t\t\t<\/div>\n\t\t\t\t\t\t\t\t\t\t<\/div>\n\t\t\t\t\t\t\t\t\t<\/div>\n\t\t\t\t\t\t<\/div>\n\t\t\t\t\t\t<\/div>\n\t\t\t\t\t\t<div class='spectra-image-gallery__media-wrapper--isotope'>\n\t\t\t\t\t\t\t<div class='spectra-image-gallery__media-wrapper' data-spectra-gallery-image-id='14218' tabindex=\"0\">\n\t\t\t\t\t\t\t<div class=\"spectra-image-gallery__media spectra-image-gallery__media--masonry\">\n\t\t\t\t<picture>\n\t\t\t\t\t<source media=\"(min-width: 1024px)\" srcset=\"https:\/\/danielolmedophotographer.com\/wp-content\/uploads\/2026\/09\/Cancun-Engagement-Photographer-9198.webp\">\n\t\t\t\t\t<source media=\"(min-width: 768px)\" srcset=\"https:\/\/danielolmedophotographer.com\/wp-content\/uploads\/2026\/09\/Cancun-Engagement-Photographer-9198.webp\">\n\t\t\t\t\t<img decoding=\"async\" class=\"spectra-image-gallery__media-thumbnail spectra-image-gallery__media-thumbnail--masonry\" src=\"https:\/\/danielolmedophotographer.com\/wp-content\/uploads\/2026\/09\/Cancun-Engagement-Photographer-9198-1024x683.webp\" alt=\"\" loading=\"lazy\" \/>\n\t\t\t\t<\/picture>\n\t\t\t\t<div class=\"spectra-image-gallery__media-thumbnail-blurrer\"><\/div>\n\t\t\t\t\t\t\t\t\t\t\t<div class=\"spectra-image-gallery__media-thumbnail-caption-wrapper spectra-image-gallery__media-thumbnail-caption-wrapper--overlay\">\n\t\t\t\t\t\t\t\t\t\t\t<div class=\"spectra-image-gallery__media-thumbnail-caption spectra-image-gallery__media-thumbnail-caption--overlay\">\n\t\t\t\t\t\t\t\t\t<\/div>\n\t\t\t\t\t\t\t\t\t\t<\/div>\n\t\t\t\t\t\t\t\t\t<\/div>\n\t\t\t\t\t\t<\/div>\n\t\t\t\t\t\t<\/div>\n\t\t\t\t\t\t<div class='spectra-image-gallery__media-wrapper--isotope'>\n\t\t\t\t\t\t\t<div class='spectra-image-gallery__media-wrapper' data-spectra-gallery-image-id='14219' tabindex=\"0\">\n\t\t\t\t\t\t\t<div class=\"spectra-image-gallery__media spectra-image-gallery__media--masonry\">\n\t\t\t\t<picture>\n\t\t\t\t\t<source media=\"(min-width: 1024px)\" srcset=\"https:\/\/danielolmedophotographer.com\/wp-content\/uploads\/2026\/09\/Cancun-Engagement-Photographer-9205.webp\">\n\t\t\t\t\t<source media=\"(min-width: 768px)\" srcset=\"https:\/\/danielolmedophotographer.com\/wp-content\/uploads\/2026\/09\/Cancun-Engagement-Photographer-9205.webp\">\n\t\t\t\t\t<img decoding=\"async\" class=\"spectra-image-gallery__media-thumbnail spectra-image-gallery__media-thumbnail--masonry\" src=\"https:\/\/danielolmedophotographer.com\/wp-content\/uploads\/2026\/09\/Cancun-Engagement-Photographer-9205-1024x683.webp\" alt=\"\" loading=\"lazy\" \/>\n\t\t\t\t<\/picture>\n\t\t\t\t<div class=\"spectra-image-gallery__media-thumbnail-blurrer\"><\/div>\n\t\t\t\t\t\t\t\t\t\t\t<div class=\"spectra-image-gallery__media-thumbnail-caption-wrapper spectra-image-gallery__media-thumbnail-caption-wrapper--overlay\">\n\t\t\t\t\t\t\t\t\t\t\t<div class=\"spectra-image-gallery__media-thumbnail-caption spectra-image-gallery__media-thumbnail-caption--overlay\">\n\t\t\t\t\t\t\t\t\t<\/div>\n\t\t\t\t\t\t\t\t\t\t<\/div>\n\t\t\t\t\t\t\t\t\t<\/div>\n\t\t\t\t\t\t<\/div>\n\t\t\t\t\t\t<\/div>\n\t\t\t\t\t\t<div class='spectra-image-gallery__media-wrapper--isotope'>\n\t\t\t\t\t\t\t<div class='spectra-image-gallery__media-wrapper' data-spectra-gallery-image-id='14220' tabindex=\"0\">\n\t\t\t\t\t\t\t<div class=\"spectra-image-gallery__media spectra-image-gallery__media--masonry\">\n\t\t\t\t<picture>\n\t\t\t\t\t<source media=\"(min-width: 1024px)\" srcset=\"https:\/\/danielolmedophotographer.com\/wp-content\/uploads\/2026\/09\/Cancun-Engagement-Photographer-9210.webp\">\n\t\t\t\t\t<source media=\"(min-width: 768px)\" srcset=\"https:\/\/danielolmedophotographer.com\/wp-content\/uploads\/2026\/09\/Cancun-Engagement-Photographer-9210.webp\">\n\t\t\t\t\t<img decoding=\"async\" class=\"spectra-image-gallery__media-thumbnail spectra-image-gallery__media-thumbnail--masonry\" src=\"https:\/\/danielolmedophotographer.com\/wp-content\/uploads\/2026\/09\/Cancun-Engagement-Photographer-9210-683x1024.webp\" alt=\"\" loading=\"lazy\" \/>\n\t\t\t\t<\/picture>\n\t\t\t\t<div class=\"spectra-image-gallery__media-thumbnail-blurrer\"><\/div>\n\t\t\t\t\t\t\t\t\t\t\t<div class=\"spectra-image-gallery__media-thumbnail-caption-wrapper spectra-image-gallery__media-thumbnail-caption-wrapper--overlay\">\n\t\t\t\t\t\t\t\t\t\t\t<div class=\"spectra-image-gallery__media-thumbnail-caption spectra-image-gallery__media-thumbnail-caption--overlay\">\n\t\t\t\t\t\t\t\t\t<\/div>\n\t\t\t\t\t\t\t\t\t\t<\/div>\n\t\t\t\t\t\t\t\t\t<\/div>\n\t\t\t\t\t\t<\/div>\n\t\t\t\t\t\t<\/div>\n\t\t\t\t\t\t<div class='spectra-image-gallery__media-wrapper--isotope'>\n\t\t\t\t\t\t\t<div class='spectra-image-gallery__media-wrapper' data-spectra-gallery-image-id='14221' tabindex=\"0\">\n\t\t\t\t\t\t\t<div class=\"spectra-image-gallery__media spectra-image-gallery__media--masonry\">\n\t\t\t\t<picture>\n\t\t\t\t\t<source media=\"(min-width: 1024px)\" srcset=\"https:\/\/danielolmedophotographer.com\/wp-content\/uploads\/2026\/09\/Cancun-Engagement-Photographer-9218.webp\">\n\t\t\t\t\t<source media=\"(min-width: 768px)\" srcset=\"https:\/\/danielolmedophotographer.com\/wp-content\/uploads\/2026\/09\/Cancun-Engagement-Photographer-9218.webp\">\n\t\t\t\t\t<img decoding=\"async\" class=\"spectra-image-gallery__media-thumbnail spectra-image-gallery__media-thumbnail--masonry\" src=\"https:\/\/danielolmedophotographer.com\/wp-content\/uploads\/2026\/09\/Cancun-Engagement-Photographer-9218-1024x683.webp\" alt=\"\" loading=\"lazy\" \/>\n\t\t\t\t<\/picture>\n\t\t\t\t<div class=\"spectra-image-gallery__media-thumbnail-blurrer\"><\/div>\n\t\t\t\t\t\t\t\t\t\t\t<div class=\"spectra-image-gallery__media-thumbnail-caption-wrapper spectra-image-gallery__media-thumbnail-caption-wrapper--overlay\">\n\t\t\t\t\t\t\t\t\t\t\t<div class=\"spectra-image-gallery__media-thumbnail-caption spectra-image-gallery__media-thumbnail-caption--overlay\">\n\t\t\t\t\t\t\t\t\t<\/div>\n\t\t\t\t\t\t\t\t\t\t<\/div>\n\t\t\t\t\t\t\t\t\t<\/div>\n\t\t\t\t\t\t<\/div>\n\t\t\t\t\t\t<\/div>\n\t\t\t\t\t\t<div class='spectra-image-gallery__media-wrapper--isotope'>\n\t\t\t\t\t\t\t<div class='spectra-image-gallery__media-wrapper' data-spectra-gallery-image-id='14222' tabindex=\"0\">\n\t\t\t\t\t\t\t<div class=\"spectra-image-gallery__media spectra-image-gallery__media--masonry\">\n\t\t\t\t<picture>\n\t\t\t\t\t<source media=\"(min-width: 1024px)\" srcset=\"https:\/\/danielolmedophotographer.com\/wp-content\/uploads\/2026\/09\/Cancun-Engagement-Photographer-9222.webp\">\n\t\t\t\t\t<source media=\"(min-width: 768px)\" srcset=\"https:\/\/danielolmedophotographer.com\/wp-content\/uploads\/2026\/09\/Cancun-Engagement-Photographer-9222.webp\">\n\t\t\t\t\t<img decoding=\"async\" class=\"spectra-image-gallery__media-thumbnail spectra-image-gallery__media-thumbnail--masonry\" src=\"https:\/\/danielolmedophotographer.com\/wp-content\/uploads\/2026\/09\/Cancun-Engagement-Photographer-9222-1024x683.webp\" alt=\"\" loading=\"lazy\" \/>\n\t\t\t\t<\/picture>\n\t\t\t\t<div class=\"spectra-image-gallery__media-thumbnail-blurrer\"><\/div>\n\t\t\t\t\t\t\t\t\t\t\t<div class=\"spectra-image-gallery__media-thumbnail-caption-wrapper spectra-image-gallery__media-thumbnail-caption-wrapper--overlay\">\n\t\t\t\t\t\t\t\t\t\t\t<div class=\"spectra-image-gallery__media-thumbnail-caption spectra-image-gallery__media-thumbnail-caption--overlay\">\n\t\t\t\t\t\t\t\t\t<\/div>\n\t\t\t\t\t\t\t\t\t\t<\/div>\n\t\t\t\t\t\t\t\t\t<\/div>\n\t\t\t\t\t\t<\/div>\n\t\t\t\t\t\t<\/div>\n\t\t\t\t\t\t<div class='spectra-image-gallery__media-wrapper--isotope'>\n\t\t\t\t\t\t\t<div class='spectra-image-gallery__media-wrapper' data-spectra-gallery-image-id='14223' tabindex=\"0\">\n\t\t\t\t\t\t\t<div class=\"spectra-image-gallery__media spectra-image-gallery__media--masonry\">\n\t\t\t\t<picture>\n\t\t\t\t\t<source media=\"(min-width: 1024px)\" srcset=\"https:\/\/danielolmedophotographer.com\/wp-content\/uploads\/2026\/09\/Cancun-Engagement-Photographer-9232.webp\">\n\t\t\t\t\t<source media=\"(min-width: 768px)\" srcset=\"https:\/\/danielolmedophotographer.com\/wp-content\/uploads\/2026\/09\/Cancun-Engagement-Photographer-9232.webp\">\n\t\t\t\t\t<img decoding=\"async\" class=\"spectra-image-gallery__media-thumbnail spectra-image-gallery__media-thumbnail--masonry\" src=\"https:\/\/danielolmedophotographer.com\/wp-content\/uploads\/2026\/09\/Cancun-Engagement-Photographer-9232-1024x683.webp\" alt=\"\" loading=\"lazy\" \/>\n\t\t\t\t<\/picture>\n\t\t\t\t<div class=\"spectra-image-gallery__media-thumbnail-blurrer\"><\/div>\n\t\t\t\t\t\t\t\t\t\t\t<div class=\"spectra-image-gallery__media-thumbnail-caption-wrapper spectra-image-gallery__media-thumbnail-caption-wrapper--overlay\">\n\t\t\t\t\t\t\t\t\t\t\t<div class=\"spectra-image-gallery__media-thumbnail-caption spectra-image-gallery__media-thumbnail-caption--overlay\">\n\t\t\t\t\t\t\t\t\t<\/div>\n\t\t\t\t\t\t\t\t\t\t<\/div>\n\t\t\t\t\t\t\t\t\t<\/div>\n\t\t\t\t\t\t<\/div>\n\t\t\t\t\t\t<\/div>\n\t\t\t\t\t\t<div class='spectra-image-gallery__media-wrapper--isotope'>\n\t\t\t\t\t\t\t<div class='spectra-image-gallery__media-wrapper' data-spectra-gallery-image-id='14224' tabindex=\"0\">\n\t\t\t\t\t\t\t<div class=\"spectra-image-gallery__media spectra-image-gallery__media--masonry\">\n\t\t\t\t<picture>\n\t\t\t\t\t<source media=\"(min-width: 1024px)\" srcset=\"https:\/\/danielolmedophotographer.com\/wp-content\/uploads\/2026\/09\/Cancun-Engagement-Photographer-9242.webp\">\n\t\t\t\t\t<source media=\"(min-width: 768px)\" srcset=\"https:\/\/danielolmedophotographer.com\/wp-content\/uploads\/2026\/09\/Cancun-Engagement-Photographer-9242.webp\">\n\t\t\t\t\t<img decoding=\"async\" class=\"spectra-image-gallery__media-thumbnail spectra-image-gallery__media-thumbnail--masonry\" src=\"https:\/\/danielolmedophotographer.com\/wp-content\/uploads\/2026\/09\/Cancun-Engagement-Photographer-9242-683x1024.webp\" alt=\"\" loading=\"lazy\" \/>\n\t\t\t\t<\/picture>\n\t\t\t\t<div class=\"spectra-image-gallery__media-thumbnail-blurrer\"><\/div>\n\t\t\t\t\t\t\t\t\t\t\t<div class=\"spectra-image-gallery__media-thumbnail-caption-wrapper spectra-image-gallery__media-thumbnail-caption-wrapper--overlay\">\n\t\t\t\t\t\t\t\t\t\t\t<div class=\"spectra-image-gallery__media-thumbnail-caption spectra-image-gallery__media-thumbnail-caption--overlay\">\n\t\t\t\t\t\t\t\t\t<\/div>\n\t\t\t\t\t\t\t\t\t\t<\/div>\n\t\t\t\t\t\t\t\t\t<\/div>\n\t\t\t\t\t\t<\/div>\n\t\t\t\t\t\t<\/div>\n\t\t\t\t\t\t<div class='spectra-image-gallery__media-wrapper--isotope'>\n\t\t\t\t\t\t\t<div class='spectra-image-gallery__media-wrapper' data-spectra-gallery-image-id='14225' tabindex=\"0\">\n\t\t\t\t\t\t\t<div class=\"spectra-image-gallery__media spectra-image-gallery__media--masonry\">\n\t\t\t\t<picture>\n\t\t\t\t\t<source media=\"(min-width: 1024px)\" srcset=\"https:\/\/danielolmedophotographer.com\/wp-content\/uploads\/2026\/09\/Cancun-Engagement-Photographer-9250.webp\">\n\t\t\t\t\t<source media=\"(min-width: 768px)\" srcset=\"https:\/\/danielolmedophotographer.com\/wp-content\/uploads\/2026\/09\/Cancun-Engagement-Photographer-9250.webp\">\n\t\t\t\t\t<img decoding=\"async\" class=\"spectra-image-gallery__media-thumbnail spectra-image-gallery__media-thumbnail--masonry\" src=\"https:\/\/danielolmedophotographer.com\/wp-content\/uploads\/2026\/09\/Cancun-Engagement-Photographer-9250-1024x683.webp\" alt=\"\" loading=\"lazy\" \/>\n\t\t\t\t<\/picture>\n\t\t\t\t<div class=\"spectra-image-gallery__media-thumbnail-blurrer\"><\/div>\n\t\t\t\t\t\t\t\t\t\t\t<div class=\"spectra-image-gallery__media-thumbnail-caption-wrapper spectra-image-gallery__media-thumbnail-caption-wrapper--overlay\">\n\t\t\t\t\t\t\t\t\t\t\t<div class=\"spectra-image-gallery__media-thumbnail-caption spectra-image-gallery__media-thumbnail-caption--overlay\">\n\t\t\t\t\t\t\t\t\t<\/div>\n\t\t\t\t\t\t\t\t\t\t<\/div>\n\t\t\t\t\t\t\t\t\t<\/div>\n\t\t\t\t\t\t<\/div>\n\t\t\t\t\t\t<\/div>\n\t\t\t\t\t\t<div class='spectra-image-gallery__media-wrapper--isotope'>\n\t\t\t\t\t\t\t<div class='spectra-image-gallery__media-wrapper' data-spectra-gallery-image-id='14226' tabindex=\"0\">\n\t\t\t\t\t\t\t<div class=\"spectra-image-gallery__media spectra-image-gallery__media--masonry\">\n\t\t\t\t<picture>\n\t\t\t\t\t<source media=\"(min-width: 1024px)\" srcset=\"https:\/\/danielolmedophotographer.com\/wp-content\/uploads\/2026\/09\/Cancun-Engagement-Photographer-9258.webp\">\n\t\t\t\t\t<source media=\"(min-width: 768px)\" srcset=\"https:\/\/danielolmedophotographer.com\/wp-content\/uploads\/2026\/09\/Cancun-Engagement-Photographer-9258.webp\">\n\t\t\t\t\t<img decoding=\"async\" class=\"spectra-image-gallery__media-thumbnail spectra-image-gallery__media-thumbnail--masonry\" src=\"https:\/\/danielolmedophotographer.com\/wp-content\/uploads\/2026\/09\/Cancun-Engagement-Photographer-9258-1024x683.webp\" alt=\"\" loading=\"lazy\" \/>\n\t\t\t\t<\/picture>\n\t\t\t\t<div class=\"spectra-image-gallery__media-thumbnail-blurrer\"><\/div>\n\t\t\t\t\t\t\t\t\t\t\t<div class=\"spectra-image-gallery__media-thumbnail-caption-wrapper spectra-image-gallery__media-thumbnail-caption-wrapper--overlay\">\n\t\t\t\t\t\t\t\t\t\t\t<div class=\"spectra-image-gallery__media-thumbnail-caption spectra-image-gallery__media-thumbnail-caption--overlay\">\n\t\t\t\t\t\t\t\t\t<\/div>\n\t\t\t\t\t\t\t\t\t\t<\/div>\n\t\t\t\t\t\t\t\t\t<\/div>\n\t\t\t\t\t\t<\/div>\n\t\t\t\t\t\t<\/div>\n\t\t\t\t\t\t<div class='spectra-image-gallery__media-wrapper--isotope'>\n\t\t\t\t\t\t\t<div class='spectra-image-gallery__media-wrapper' data-spectra-gallery-image-id='14227' tabindex=\"0\">\n\t\t\t\t\t\t\t<div class=\"spectra-image-gallery__media spectra-image-gallery__media--masonry\">\n\t\t\t\t<picture>\n\t\t\t\t\t<source media=\"(min-width: 1024px)\" srcset=\"https:\/\/danielolmedophotographer.com\/wp-content\/uploads\/2026\/09\/Cancun-Engagement-Photographer-9278.webp\">\n\t\t\t\t\t<source media=\"(min-width: 768px)\" srcset=\"https:\/\/danielolmedophotographer.com\/wp-content\/uploads\/2026\/09\/Cancun-Engagement-Photographer-9278.webp\">\n\t\t\t\t\t<img decoding=\"async\" class=\"spectra-image-gallery__media-thumbnail spectra-image-gallery__media-thumbnail--masonry\" src=\"https:\/\/danielolmedophotographer.com\/wp-content\/uploads\/2026\/09\/Cancun-Engagement-Photographer-9278-1024x683.webp\" alt=\"\" loading=\"lazy\" \/>\n\t\t\t\t<\/picture>\n\t\t\t\t<div class=\"spectra-image-gallery__media-thumbnail-blurrer\"><\/div>\n\t\t\t\t\t\t\t\t\t\t\t<div class=\"spectra-image-gallery__media-thumbnail-caption-wrapper spectra-image-gallery__media-thumbnail-caption-wrapper--overlay\">\n\t\t\t\t\t\t\t\t\t\t\t<div class=\"spectra-image-gallery__media-thumbnail-caption spectra-image-gallery__media-thumbnail-caption--overlay\">\n\t\t\t\t\t\t\t\t\t<\/div>\n\t\t\t\t\t\t\t\t\t\t<\/div>\n\t\t\t\t\t\t\t\t\t<\/div>\n\t\t\t\t\t\t<\/div>\n\t\t\t\t\t\t<\/div>\n\t\t\t\t\t\t<div class='spectra-image-gallery__media-wrapper--isotope'>\n\t\t\t\t\t\t\t<div class='spectra-image-gallery__media-wrapper' data-spectra-gallery-image-id='14228' tabindex=\"0\">\n\t\t\t\t\t\t\t<div class=\"spectra-image-gallery__media spectra-image-gallery__media--masonry\">\n\t\t\t\t<picture>\n\t\t\t\t\t<source media=\"(min-width: 1024px)\" srcset=\"https:\/\/danielolmedophotographer.com\/wp-content\/uploads\/2026\/09\/Cancun-Engagement-Photographer-9302.webp\">\n\t\t\t\t\t<source media=\"(min-width: 768px)\" srcset=\"https:\/\/danielolmedophotographer.com\/wp-content\/uploads\/2026\/09\/Cancun-Engagement-Photographer-9302.webp\">\n\t\t\t\t\t<img decoding=\"async\" class=\"spectra-image-gallery__media-thumbnail spectra-image-gallery__media-thumbnail--masonry\" src=\"https:\/\/danielolmedophotographer.com\/wp-content\/uploads\/2026\/09\/Cancun-Engagement-Photographer-9302-1024x683.webp\" alt=\"\" loading=\"lazy\" \/>\n\t\t\t\t<\/picture>\n\t\t\t\t<div class=\"spectra-image-gallery__media-thumbnail-blurrer\"><\/div>\n\t\t\t\t\t\t\t\t\t\t\t<div class=\"spectra-image-gallery__media-thumbnail-caption-wrapper spectra-image-gallery__media-thumbnail-caption-wrapper--overlay\">\n\t\t\t\t\t\t\t\t\t\t\t<div class=\"spectra-image-gallery__media-thumbnail-caption spectra-image-gallery__media-thumbnail-caption--overlay\">\n\t\t\t\t\t\t\t\t\t<\/div>\n\t\t\t\t\t\t\t\t\t\t<\/div>\n\t\t\t\t\t\t\t\t\t<\/div>\n\t\t\t\t\t\t<\/div>\n\t\t\t\t\t\t<\/div>\n\t\t\t\t\t\t<div class='spectra-image-gallery__media-wrapper--isotope'>\n\t\t\t\t\t\t\t<div class='spectra-image-gallery__media-wrapper' data-spectra-gallery-image-id='14229' tabindex=\"0\">\n\t\t\t\t\t\t\t<div class=\"spectra-image-gallery__media spectra-image-gallery__media--masonry\">\n\t\t\t\t<picture>\n\t\t\t\t\t<source media=\"(min-width: 1024px)\" srcset=\"https:\/\/danielolmedophotographer.com\/wp-content\/uploads\/2026\/09\/Cancun-Engagement-Photographer-9311.webp\">\n\t\t\t\t\t<source media=\"(min-width: 768px)\" srcset=\"https:\/\/danielolmedophotographer.com\/wp-content\/uploads\/2026\/09\/Cancun-Engagement-Photographer-9311.webp\">\n\t\t\t\t\t<img decoding=\"async\" class=\"spectra-image-gallery__media-thumbnail spectra-image-gallery__media-thumbnail--masonry\" src=\"https:\/\/danielolmedophotographer.com\/wp-content\/uploads\/2026\/09\/Cancun-Engagement-Photographer-9311-1024x683.webp\" alt=\"\" loading=\"lazy\" \/>\n\t\t\t\t<\/picture>\n\t\t\t\t<div class=\"spectra-image-gallery__media-thumbnail-blurrer\"><\/div>\n\t\t\t\t\t\t\t\t\t\t\t<div class=\"spectra-image-gallery__media-thumbnail-caption-wrapper spectra-image-gallery__media-thumbnail-caption-wrapper--overlay\">\n\t\t\t\t\t\t\t\t\t\t\t<div class=\"spectra-image-gallery__media-thumbnail-caption spectra-image-gallery__media-thumbnail-caption--overlay\">\n\t\t\t\t\t\t\t\t\t<\/div>\n\t\t\t\t\t\t\t\t\t\t<\/div>\n\t\t\t\t\t\t\t\t\t<\/div>\n\t\t\t\t\t\t<\/div>\n\t\t\t\t\t\t<\/div>\n\t\t\t\t\t\t<div class='spectra-image-gallery__media-wrapper--isotope'>\n\t\t\t\t\t\t\t<div class='spectra-image-gallery__media-wrapper' data-spectra-gallery-image-id='14230' tabindex=\"0\">\n\t\t\t\t\t\t\t<div class=\"spectra-image-gallery__media spectra-image-gallery__media--masonry\">\n\t\t\t\t<picture>\n\t\t\t\t\t<source media=\"(min-width: 1024px)\" srcset=\"https:\/\/danielolmedophotographer.com\/wp-content\/uploads\/2026\/09\/Cancun-Engagement-Photographer-9317.webp\">\n\t\t\t\t\t<source media=\"(min-width: 768px)\" srcset=\"https:\/\/danielolmedophotographer.com\/wp-content\/uploads\/2026\/09\/Cancun-Engagement-Photographer-9317.webp\">\n\t\t\t\t\t<img decoding=\"async\" class=\"spectra-image-gallery__media-thumbnail spectra-image-gallery__media-thumbnail--masonry\" src=\"https:\/\/danielolmedophotographer.com\/wp-content\/uploads\/2026\/09\/Cancun-Engagement-Photographer-9317-1024x683.webp\" alt=\"\" loading=\"lazy\" \/>\n\t\t\t\t<\/picture>\n\t\t\t\t<div class=\"spectra-image-gallery__media-thumbnail-blurrer\"><\/div>\n\t\t\t\t\t\t\t\t\t\t\t<div class=\"spectra-image-gallery__media-thumbnail-caption-wrapper spectra-image-gallery__media-thumbnail-caption-wrapper--overlay\">\n\t\t\t\t\t\t\t\t\t\t\t<div class=\"spectra-image-gallery__media-thumbnail-caption spectra-image-gallery__media-thumbnail-caption--overlay\">\n\t\t\t\t\t\t\t\t\t<\/div>\n\t\t\t\t\t\t\t\t\t\t<\/div>\n\t\t\t\t\t\t\t\t\t<\/div>\n\t\t\t\t\t\t<\/div>\n\t\t\t\t\t\t<\/div>\n\t\t\t\t\t\t<div class='spectra-image-gallery__media-wrapper--isotope'>\n\t\t\t\t\t\t\t<div class='spectra-image-gallery__media-wrapper' data-spectra-gallery-image-id='14231' tabindex=\"0\">\n\t\t\t\t\t\t\t<div class=\"spectra-image-gallery__media spectra-image-gallery__media--masonry\">\n\t\t\t\t<picture>\n\t\t\t\t\t<source media=\"(min-width: 1024px)\" srcset=\"https:\/\/danielolmedophotographer.com\/wp-content\/uploads\/2026\/09\/Cancun-Engagement-Photographer-9325.webp\">\n\t\t\t\t\t<source media=\"(min-width: 768px)\" srcset=\"https:\/\/danielolmedophotographer.com\/wp-content\/uploads\/2026\/09\/Cancun-Engagement-Photographer-9325.webp\">\n\t\t\t\t\t<img decoding=\"async\" class=\"spectra-image-gallery__media-thumbnail spectra-image-gallery__media-thumbnail--masonry\" src=\"https:\/\/danielolmedophotographer.com\/wp-content\/uploads\/2026\/09\/Cancun-Engagement-Photographer-9325-1024x683.webp\" alt=\"\" loading=\"lazy\" \/>\n\t\t\t\t<\/picture>\n\t\t\t\t<div class=\"spectra-image-gallery__media-thumbnail-blurrer\"><\/div>\n\t\t\t\t\t\t\t\t\t\t\t<div class=\"spectra-image-gallery__media-thumbnail-caption-wrapper spectra-image-gallery__media-thumbnail-caption-wrapper--overlay\">\n\t\t\t\t\t\t\t\t\t\t\t<div class=\"spectra-image-gallery__media-thumbnail-caption spectra-image-gallery__media-thumbnail-caption--overlay\">\n\t\t\t\t\t\t\t\t\t<\/div>\n\t\t\t\t\t\t\t\t\t\t<\/div>\n\t\t\t\t\t\t\t\t\t<\/div>\n\t\t\t\t\t\t<\/div>\n\t\t\t\t\t\t<\/div>\n\t\t\t\t\t\t\t\t\t\t<\/div>\n\t\t\t\t\t\t\t\t\t\t\t\t\t\t\t\t\t\t<\/div>","protected":false},"excerpt":{"rendered":"<p>When Steven and Ashley traveled to Mexico from the United States for a tropical vacation, they carried a special goal with them. Although Steven had already proposed back home, the couple hadn&#8217;t hired a photographer to capture the exact moment she said &#8220;Yes.&#8221; Wanting to immortalize their milestone against a dream backdrop, they decided to [&hellip;]<\/p>","protected":false},"author":1,"featured_media":14218,"comment_status":"closed","ping_status":"open","sticky":false,"template":"","format":"standard","meta":{"_uag_custom_page_level_css":"","site-sidebar-layout":"default","site-content-layout":"","ast-site-content-layout":"default","site-content-style":"default","site-sidebar-style":"default","ast-global-header-display":"","ast-banner-title-visibility":"","ast-main-header-display":"","ast-hfb-above-header-display":"","ast-hfb-below-header-display":"","ast-hfb-mobile-header-display":"","site-post-title":"","ast-breadcrumbs-content":"","ast-featured-img":"","footer-sml-layout":"","ast-disable-related-posts":"","theme-transparent-header-meta":"","adv-header-id-meta":"","stick-header-meta":"","header-above-stick-meta":"","header-main-stick-meta":"","header-below-stick-meta":"","astra-migrate-meta-layouts":"set","ast-page-background-enabled":"default","ast-page-background-meta":{"desktop":{"background-color":"","background-image":"","background-repeat":"repeat","background-position":"center center","background-size":"auto","background-attachment":"scroll","background-type":"","background-media":"","overlay-type":"","overlay-color":"","overlay-opacity":"","overlay-gradient":""},"tablet":{"background-color":"","background-image":"","background-repeat":"repeat","background-position":"center center","background-size":"auto","background-attachment":"scroll","background-type":"","background-media":"","overlay-type":"","overlay-color":"","overlay-opacity":"","overlay-gradient":""},"mobile":{"background-color":"","background-image":"","background-repeat":"repeat","background-position":"center center","background-size":"auto","background-attachment":"scroll","background-type":"","background-media":"","overlay-type":"","overlay-color":"","overlay-opacity":"","overlay-gradient":""}},"ast-content-background-meta":{"desktop":{"background-color":"var(--ast-global-color-5)","background-image":"","background-repeat":"repeat","background-position":"center center","background-size":"auto","background-attachment":"scroll","background-type":"","background-media":"","overlay-type":"","overlay-color":"","overlay-opacity":"","overlay-gradient":""},"tablet":{"background-color":"var(--ast-global-color-5)","background-image":"","background-repeat":"repeat","background-position":"center center","background-size":"auto","background-attachment":"scroll","background-type":"","background-media":"","overlay-type":"","overlay-color":"","overlay-opacity":"","overlay-gradient":""},"mobile":{"background-color":"var(--ast-global-color-5)","background-image":"","background-repeat":"repeat","background-position":"center center","background-size":"auto","background-attachment":"scroll","background-type":"","background-media":"","overlay-type":"","overlay-color":"","overlay-opacity":"","overlay-gradient":""}},"footnotes":""},"categories":[12],"tags":[27,38,40,45,46,47,50],"class_list":["post-14211","post","type-post","status-publish","format-standard","has-post-thumbnail","hentry","category-engagement","tag-engagement","tag-cancun","tag-engagement-photographer","tag-playa-del-carmen","tag-puerto-morelos","tag-riviera-maya","tag-wedding-photographer"],"aioseo_notices":[],"uagb_featured_image_src":{"full":["https:\/\/danielolmedophotographer.com\/wp-content\/uploads\/2026\/09\/Cancun-Engagement-Photographer-9198.webp",2400,1600,false],"thumbnail":["https:\/\/danielolmedophotographer.com\/wp-content\/uploads\/2026\/09\/Cancun-Engagement-Photographer-9198-150x150.webp",150,150,true],"medium":["https:\/\/danielolmedophotographer.com\/wp-content\/uploads\/2026\/09\/Cancun-Engagement-Photographer-9198-300x200.webp",300,200,true],"medium_large":["https:\/\/danielolmedophotographer.com\/wp-content\/uploads\/2026\/09\/Cancun-Engagement-Photographer-9198-768x512.webp",768,512,true],"large":["https:\/\/danielolmedophotographer.com\/wp-content\/uploads\/2026\/09\/Cancun-Engagement-Photographer-9198-1024x683.webp",1024,683,true],"1536x1536":["https:\/\/danielolmedophotographer.com\/wp-content\/uploads\/2026\/09\/Cancun-Engagement-Photographer-9198-1536x1024.webp",1536,1024,true],"2048x2048":["https:\/\/danielolmedophotographer.com\/wp-content\/uploads\/2026\/09\/Cancun-Engagement-Photographer-9198-2048x1365.webp",2048,1365,true],"trp-custom-language-flag":["https:\/\/danielolmedophotographer.com\/wp-content\/uploads\/2026\/09\/Cancun-Engagement-Photographer-9198-18x12.webp",18,12,true]},"uagb_author_info":{"display_name":"danielolmedophotographer.com","author_link":"https:\/\/danielolmedophotographer.com\/es\/author\/danielolmedophotographer-com\/"},"uagb_comment_info":0,"uagb_excerpt":"When Steven and Ashley traveled to Mexico from the United States for a tropical vacation, they carried a special goal with them. Although Steven had already proposed back home, the couple hadn&#8217;t hired a photographer to capture the exact moment she said &#8220;Yes.&#8221; Wanting to immortalize their milestone against a dream backdrop, they decided to&hellip;","_links":{"self":[{"href":"https:\/\/danielolmedophotographer.com\/es\/wp-json\/wp\/v2\/posts\/14211","targetHints":{"allow":["GET"]}}],"collection":[{"href":"https:\/\/danielolmedophotographer.com\/es\/wp-json\/wp\/v2\/posts"}],"about":[{"href":"https:\/\/danielolmedophotographer.com\/es\/wp-json\/wp\/v2\/types\/post"}],"author":[{"embeddable":true,"href":"https:\/\/danielolmedophotographer.com\/es\/wp-json\/wp\/v2\/users\/1"}],"replies":[{"embeddable":true,"href":"https:\/\/danielolmedophotographer.com\/es\/wp-json\/wp\/v2\/comments?post=14211"}],"version-history":[{"count":1,"href":"https:\/\/danielolmedophotographer.com\/es\/wp-json\/wp\/v2\/posts\/14211\/revisions"}],"predecessor-version":[{"id":14232,"href":"https:\/\/danielolmedophotographer.com\/es\/wp-json\/wp\/v2\/posts\/14211\/revisions\/14232"}],"wp:featuredmedia":[{"embeddable":true,"href":"https:\/\/danielolmedophotographer.com\/es\/wp-json\/wp\/v2\/media\/14218"}],"wp:attachment":[{"href":"https:\/\/danielolmedophotographer.com\/es\/wp-json\/wp\/v2\/media?parent=14211"}],"wp:term":[{"taxonomy":"category","embeddable":true,"href":"https:\/\/danielolmedophotographer.com\/es\/wp-json\/wp\/v2\/categories?post=14211"},{"taxonomy":"post_tag","embeddable":true,"href":"https:\/\/danielolmedophotographer.com\/es\/wp-json\/wp\/v2\/tags?post=14211"}],"curies":[{"name":"wp","href":"https:\/\/api.w.org\/{rel}","templated":true}]}}